{"id":6859,"date":"2025-03-03T16:09:04","date_gmt":"2025-03-03T14:09:04","guid":{"rendered":"https:\/\/ara.md\/?p=6859"},"modified":"2025-03-03T16:35:21","modified_gmt":"2025-03-03T14:35:21","slug":"ara-moldova-partenerul-tau-de-incredere-pentru-profesionisti-in-logistica-in-intreaga-ue","status":"publish","type":"post","link":"https:\/\/ara.md\/ro\/ara-moldova-partenerul-tau-de-incredere-pentru-profesionisti-in-logistica-in-intreaga-ue\/","title":{"rendered":"ARA Moldova: Partenerul t\u0103u de \u00eencredere pentru profesioni\u0219ti \u00een logistic\u0103 \u00een \u00eentreaga UE"},"content":{"rendered":"\n<p><strong>Asocia\u021bia Agen\u021biilor de Recrutare (ARA) <\/strong>din Moldova este partenerul ideal pentru agen\u021biile \u0219i companiile de logistic\u0103 din Uniunea European\u0103 care caut\u0103 profesioni\u0219ti califica\u021bi \u00een domeniul logisticii \u0219i e-commerce-ului.<\/p>\n\n\n\n<h2 class=\"wp-block-heading\"><strong><strong>Speciali\u0219tii No\u0219tri:<\/strong><\/strong><\/h2>\n\n\n\n<ul class=\"wp-block-list\">\n<li><strong>Lucr\u0103tori pentru preg\u0103tirea comenzilor (Order Pickers) \u2013 <\/strong>Exper\u021bi \u00een selectarea \u0219i preg\u0103tirea eficient\u0103 a comenzilor pentru livrare.<\/li>\n\n\n\n<li><strong>\u0218oferi de stivuitor (Forklift Drivers) \u2013 <\/strong>Operatori certifica\u021bi, cu experien\u021b\u0103 \u00een manevrarea diferitelor tipuri de stivuitoare.<\/li>\n\n\n\n<li><strong>Speciali\u0219ti \u00een gestiunea stocurilor (Inventory Specialists) \u2013 <\/strong>Profesioni\u0219ti \u00een administrarea nivelurilor de stoc \u0219i acurate\u021bea inventarului.<\/li>\n\n\n\n<li><strong>Coordonatori de logistic\u0103 (Logistics Coordinators) \u2013 <\/strong>Exper\u021bi \u00een gestionarea echipelor \u0219i a proceselor logistice.<\/li>\n\n\n\n<li><strong>Operatori \u00een e-commerce (E-commerce Fulfillment Associates) \u2013<\/strong> Speciali\u0219ti \u00een procesarea \u0219i expedierea comenzilor online.<\/li>\n\n\n\n<li><strong>Manipulan\u021bi de m\u0103rfuri (Material Handlers) \u2013 <\/strong>Lucr\u0103tori califica\u021bi \u00een organizarea \u0219i deplasarea m\u0103rfurilor \u00een depozite.<strong><br><\/strong><\/li>\n<\/ul>\n\n\n\n<h2 class=\"wp-block-heading\"><strong><strong>De ce Moldova? O Surs\u0103 Cheie de Profesioni\u0219ti \u00een Logistic\u0103<\/strong><\/strong><\/h2>\n\n\n\n<p>Muncitorii moldoveni joac\u0103 un rol important \u00een cre\u0219terea sectorului logistic din Polonia. \u00cen prezent, peste 1.783 de moldoveni sunt angaja\u021bi \u00een industria transporturilor din Polonia, contribuind semnificativ la eficien\u021ba lan\u021bului de aprovizionare.<br><\/p>\n\n\n\n<h3 class=\"wp-block-heading\">1. <strong>Cre\u0219terea Cererii de Lucr\u0103tori Str\u0103ini \u00een Industria Logistic\u0103 din Polonia<\/strong><\/h3>\n\n\n\n<p>Expansiunea rapid\u0103 a sectoarelor logistic\u0103 \u0219i e-commerce din Polonia a generat o cerere semnificativ\u0103 de for\u021b\u0103 de munc\u0103. \u00cen prezent, <strong>1,024 milioane<\/strong> de muncitori str\u0103ini sunt angaja\u021bi \u00een Polonia, reprezent\u00e2nd <strong>6,7%<\/strong> din totalul for\u021bei de munc\u0103.<\/p>\n\n\n\n<h3 class=\"wp-block-heading\">2. <strong>Polonia: Un Hub Logistic Strategic \u00een Europa<\/strong><\/h3>\n\n\n\n<p>Datorit\u0103 pozi\u021biei sale centrale, Polonia a devenit un nod esen\u021bial pentru <strong>logistic\u0103 \u0219i distribu\u021bie<\/strong> \u00een Europa. Cre\u0219terea accelerat\u0103 a <strong>comer\u021bului electronic<\/strong> \u0219i a schimburilor comerciale interna\u021bionale a condus la o <strong>cerere constant\u0103 de speciali\u0219ti experimenta\u021bi<\/strong> \u00een gestionarea depozitelor, transport \u0219i managementul lan\u021bului de aprovizionare.<br><br><\/p>\n\n\n\n<div class=\"wp-block-buttons is-layout-flex wp-block-buttons-is-layout-flex\">\n<div class=\"wp-block-button\"><a class=\"wp-block-button__link wp-element-button\" href=\"https:\/\/ara.md\/contact\/#contact\">Comand\u0103 personal<\/a><\/div>\n<\/div>\n\n\n\n<h2 class=\"wp-block-heading\"><br><strong><strong>De ce s\u0103 colaborezi cu ARA Moldova?<\/strong><\/strong><\/h2>\n\n\n\n<ul class=\"wp-block-list\">\n<li><strong>Acces la o baz\u0103 extins\u0103 de profesioni\u0219ti \u2013 <\/strong>Oferim sute de lucr\u0103tori califica\u021bi cu cet\u0103\u021benie moldoveneasc\u0103 \u0219i rom\u00e2n\u0103, facilit\u00e2nd integrarea rapid\u0103 \u00een opera\u021biunile UE.<\/li>\n\n\n\n<li><strong>Proces de recrutare riguros \u2013 <\/strong>Select\u0103m atent fiecare candidat pentru a corespunde cerin\u021belor specifice ale companiei tale.<\/li>\n\n\n\n<li><strong>Colaborare flexibil\u0103 \u2013 <\/strong>Solu\u021biile noastre sunt personalizate \u00een func\u021bie de obiectivele \u0219i necesit\u0103\u021bile tale.<br><br><\/li>\n<\/ul>\n\n\n\n<h2 class=\"wp-block-heading\"><strong><strong>Hai s\u0103 lucr\u0103m \u00eempreun\u0103 \u2013 Angajeaz\u0103 cei mai buni speciali\u0219ti \u00een logistic\u0103!<\/strong><\/strong><\/h2>\n\n\n\n<p>Cau\u021bi personal calificat \u0219i dedicat \u00een logistic\u0103? ARA Moldova este partenerul t\u0103u de \u00eencredere!<br><strong><br><\/strong>Completeaz\u0103<strong> <a href=\"https:\/\/ara.md\/contact\/#contact\">formularul de contact<\/a> <\/strong>rapid, &nbsp;sun\u0103 sau scrie-ne pe WhatsApp: +373 79124089<\/p>\n\n\n\n<p><strong><strong>Nu mai a\u0219tepta \u2013 Asigur\u0103-\u021bi echipa de profesioni\u0219ti \u00een logistic\u0103 cu ARA Moldova chiar azi!<\/strong><\/strong><\/p>\n\n\n\n<p><\/p>\n","protected":false},"excerpt":{"rendered":"<p>Muncitorii moldoveni joac\u0103 un rol important \u00een cre\u0219terea sectorului...","protected":false},"author":5,"featured_media":6851,"comment_status":"closed","ping_status":"open","sticky":false,"template":"","format":"standard","meta":{"_acf_changed":false,"inline_featured_image":false,"footnotes":""},"categories":[4],"tags":[155,156,153,152,154,157,158],"class_list":["post-6859","post","type-post","status-publish","format-standard","has-post-thumbnail","hentry","category-noutati-ara","tag-ara-2","tag-aramoldova-2","tag-e-commerce-2","tag-lucratoristraini","tag-polonia","tag-profesionisti","tag-recrutare"],"acf":[],"yoast_head":"<!-- This site is optimized with the Yoast SEO plugin v26.8 - https:\/\/yoast.com\/product\/yoast-seo-wordpress\/ -->\n<title>ARA Moldova: Partenerul t\u0103u de \u00eencredere pentru profesioni\u0219ti \u00een logistic\u0103 \u00een \u00eentreaga UE &#8212; ARA<\/title>\n<meta name=\"robots\" content=\"index, follow, max-snippet:-1, max-image-preview:large, max-video-preview:-1\" \/>\n<link rel=\"canonical\" href=\"https:\/\/ara.md\/ro\/ara-moldova-partenerul-tau-de-incredere-pentru-profesionisti-in-logistica-in-intreaga-ue\/\" \/>\n<meta property=\"og:locale\" content=\"ro_RO\" \/>\n<meta property=\"og:type\" content=\"article\" \/>\n<meta property=\"og:title\" content=\"ARA Moldova: Partenerul t\u0103u de \u00eencredere pentru profesioni\u0219ti \u00een logistic\u0103 \u00een \u00eentreaga UE &#8212; ARA\" \/>\n<meta property=\"og:description\" content=\"Muncitorii moldoveni joac\u0103 un rol important \u00een cre\u0219terea sectorului logistic din Polonia. \u00cen prezent, peste 1.783 de moldoveni sunt angaja\u021bi \u00een industria transporturilor din Polonia, contribuind semnificativ la eficien\u021ba lan\u021bului de aprovizionare.\" \/>\n<meta property=\"og:url\" content=\"https:\/\/ara.md\/ro\/ara-moldova-partenerul-tau-de-incredere-pentru-profesionisti-in-logistica-in-intreaga-ue\/\" \/>\n<meta property=\"og:site_name\" content=\"ARA\" \/>\n<meta property=\"article:publisher\" content=\"https:\/\/www.facebook.com\/ara.moldova\" \/>\n<meta property=\"article:published_time\" content=\"2025-03-03T14:09:04+00:00\" \/>\n<meta property=\"article:modified_time\" content=\"2025-03-03T14:35:21+00:00\" \/>\n<meta property=\"og:image\" content=\"https:\/\/ara.md\/wp-content\/uploads\/2025\/03\/blog-1.jpg\" \/>\n\t<meta property=\"og:image:width\" content=\"850\" \/>\n\t<meta property=\"og:image:height\" content=\"530\" \/>\n\t<meta property=\"og:image:type\" content=\"image\/jpeg\" \/>\n<meta name=\"author\" content=\"marketing\" \/>\n<meta name=\"twitter:card\" content=\"summary_large_image\" \/>\n<meta name=\"twitter:label1\" content=\"Scris de\" \/>\n\t<meta name=\"twitter:data1\" content=\"marketing\" \/>\n\t<meta name=\"twitter:label2\" content=\"Timp estimat pentru citire\" \/>\n\t<meta name=\"twitter:data2\" content=\"2 minute\" \/>\n<script type=\"application\/ld+json\" class=\"yoast-schema-graph\">{\"@context\":\"https:\/\/schema.org\",\"@graph\":[{\"@type\":\"Article\",\"@id\":\"https:\/\/ara.md\/ro\/ara-moldova-partenerul-tau-de-incredere-pentru-profesionisti-in-logistica-in-intreaga-ue\/#article\",\"isPartOf\":{\"@id\":\"https:\/\/ara.md\/ro\/ara-moldova-partenerul-tau-de-incredere-pentru-profesionisti-in-logistica-in-intreaga-ue\/\"},\"author\":{\"name\":\"marketing\",\"@id\":\"https:\/\/ara.md\/#\/schema\/person\/21ad52bb30dfe8931003555609d2f260\"},\"headline\":\"ARA Moldova: Partenerul t\u0103u de \u00eencredere pentru profesioni\u0219ti \u00een logistic\u0103 \u00een \u00eentreaga UE\",\"datePublished\":\"2025-03-03T14:09:04+00:00\",\"dateModified\":\"2025-03-03T14:35:21+00:00\",\"mainEntityOfPage\":{\"@id\":\"https:\/\/ara.md\/ro\/ara-moldova-partenerul-tau-de-incredere-pentru-profesionisti-in-logistica-in-intreaga-ue\/\"},\"wordCount\":441,\"publisher\":{\"@id\":\"https:\/\/ara.md\/#organization\"},\"image\":{\"@id\":\"https:\/\/ara.md\/ro\/ara-moldova-partenerul-tau-de-incredere-pentru-profesionisti-in-logistica-in-intreaga-ue\/#primaryimage\"},\"thumbnailUrl\":\"https:\/\/ara.md\/wp-content\/uploads\/2025\/03\/blog-1.jpg\",\"keywords\":[\"#ara\",\"#aramoldova\",\"#e-commerce\",\"#lucr\u0103toristr\u0103ini\",\"#Polonia\",\"#profesioni\u0219ti\",\"#recrutare\"],\"articleSection\":[\"Nout\u0103\u021bi ARA\"],\"inLanguage\":\"ro-RO\"},{\"@type\":\"WebPage\",\"@id\":\"https:\/\/ara.md\/ro\/ara-moldova-partenerul-tau-de-incredere-pentru-profesionisti-in-logistica-in-intreaga-ue\/\",\"url\":\"https:\/\/ara.md\/ro\/ara-moldova-partenerul-tau-de-incredere-pentru-profesionisti-in-logistica-in-intreaga-ue\/\",\"name\":\"ARA Moldova: Partenerul t\u0103u de \u00eencredere pentru profesioni\u0219ti \u00een logistic\u0103 \u00een \u00eentreaga UE &#8212; ARA\",\"isPartOf\":{\"@id\":\"https:\/\/ara.md\/#website\"},\"primaryImageOfPage\":{\"@id\":\"https:\/\/ara.md\/ro\/ara-moldova-partenerul-tau-de-incredere-pentru-profesionisti-in-logistica-in-intreaga-ue\/#primaryimage\"},\"image\":{\"@id\":\"https:\/\/ara.md\/ro\/ara-moldova-partenerul-tau-de-incredere-pentru-profesionisti-in-logistica-in-intreaga-ue\/#primaryimage\"},\"thumbnailUrl\":\"https:\/\/ara.md\/wp-content\/uploads\/2025\/03\/blog-1.jpg\",\"datePublished\":\"2025-03-03T14:09:04+00:00\",\"dateModified\":\"2025-03-03T14:35:21+00:00\",\"breadcrumb\":{\"@id\":\"https:\/\/ara.md\/ro\/ara-moldova-partenerul-tau-de-incredere-pentru-profesionisti-in-logistica-in-intreaga-ue\/#breadcrumb\"},\"inLanguage\":\"ro-RO\",\"potentialAction\":[{\"@type\":\"ReadAction\",\"target\":[\"https:\/\/ara.md\/ro\/ara-moldova-partenerul-tau-de-incredere-pentru-profesionisti-in-logistica-in-intreaga-ue\/\"]}]},{\"@type\":\"ImageObject\",\"inLanguage\":\"ro-RO\",\"@id\":\"https:\/\/ara.md\/ro\/ara-moldova-partenerul-tau-de-incredere-pentru-profesionisti-in-logistica-in-intreaga-ue\/#primaryimage\",\"url\":\"https:\/\/ara.md\/wp-content\/uploads\/2025\/03\/blog-1.jpg\",\"contentUrl\":\"https:\/\/ara.md\/wp-content\/uploads\/2025\/03\/blog-1.jpg\",\"width\":850,\"height\":530,\"caption\":\"ARA Moldova: \u0412\u0430\u0448 \u041d\u0430\u0434\u0435\u0436\u043d\u044b\u0439 \u041f\u0430\u0440\u0442\u043d\u0435\u0440 \u0432 \u041f\u043e\u0438\u0441\u043a\u0435 \u041a\u0432\u0430\u043b\u0438\u0444\u0438\u0446\u0438\u0440\u043e\u0432\u0430\u043d\u043d\u044b\u0445 \u041b\u043e\u0433\u0438\u0441\u0442\u0438\u0447\u0435\u0441\u043a\u0438\u0445 \u0421\u043f\u0435\u0446\u0438\u0430\u043b\u0438\u0441\u0442\u043e\u0432 \u043f\u043e \u0432\u0441\u0435\u0439 \u0415\u0432\u0440\u043e\u043f\u0435\"},{\"@type\":\"BreadcrumbList\",\"@id\":\"https:\/\/ara.md\/ro\/ara-moldova-partenerul-tau-de-incredere-pentru-profesionisti-in-logistica-in-intreaga-ue\/#breadcrumb\",\"itemListElement\":[{\"@type\":\"ListItem\",\"position\":1,\"name\":\"Home\",\"item\":\"https:\/\/ara.md\/ro\/\"},{\"@type\":\"ListItem\",\"position\":2,\"name\":\"ARA Moldova: Partenerul t\u0103u de \u00eencredere pentru profesioni\u0219ti \u00een logistic\u0103 \u00een \u00eentreaga UE\"}]},{\"@type\":\"WebSite\",\"@id\":\"https:\/\/ara.md\/#website\",\"url\":\"https:\/\/ara.md\/\",\"name\":\"Association of Recruitment Agencies of Moldova\",\"description\":\"All the Recruitment Power of Moldova in Your Hands\",\"publisher\":{\"@id\":\"https:\/\/ara.md\/#organization\"},\"alternateName\":\"ARA\",\"potentialAction\":[{\"@type\":\"SearchAction\",\"target\":{\"@type\":\"EntryPoint\",\"urlTemplate\":\"https:\/\/ara.md\/?s={search_term_string}\"},\"query-input\":{\"@type\":\"PropertyValueSpecification\",\"valueRequired\":true,\"valueName\":\"search_term_string\"}}],\"inLanguage\":\"ro-RO\"},{\"@type\":\"Organization\",\"@id\":\"https:\/\/ara.md\/#organization\",\"name\":\"Association of Recruitment Agencies of Moldova\",\"alternateName\":\"ARA\",\"url\":\"https:\/\/ara.md\/\",\"logo\":{\"@type\":\"ImageObject\",\"inLanguage\":\"ro-RO\",\"@id\":\"https:\/\/ara.md\/#\/schema\/logo\/image\/\",\"url\":\"https:\/\/ara.md\/wp-content\/uploads\/2023\/07\/ara-logo-horizontal-en.svg\",\"contentUrl\":\"https:\/\/ara.md\/wp-content\/uploads\/2023\/07\/ara-logo-horizontal-en.svg\",\"caption\":\"Association of Recruitment Agencies of Moldova\"},\"image\":{\"@id\":\"https:\/\/ara.md\/#\/schema\/logo\/image\/\"},\"sameAs\":[\"https:\/\/www.facebook.com\/ara.moldova\",\"https:\/\/www.linkedin.com\/company\/78005867\/admin\/dashboard\/\",\"https:\/\/www.instagram.com\/ara.moldova\/\",\"https:\/\/www.youtube.com\/@ara.moldova\"]},{\"@type\":\"Person\",\"@id\":\"https:\/\/ara.md\/#\/schema\/person\/21ad52bb30dfe8931003555609d2f260\",\"name\":\"marketing\",\"image\":{\"@type\":\"ImageObject\",\"inLanguage\":\"ro-RO\",\"@id\":\"https:\/\/ara.md\/#\/schema\/person\/image\/\",\"url\":\"https:\/\/secure.gravatar.com\/avatar\/c80845cbb2b264116e7c5879fe5e3fcc1f66403e8c11bc3b3ef5a1664651c276?s=96&d=mm&r=g\",\"contentUrl\":\"https:\/\/secure.gravatar.com\/avatar\/c80845cbb2b264116e7c5879fe5e3fcc1f66403e8c11bc3b3ef5a1664651c276?s=96&d=mm&r=g\",\"caption\":\"marketing\"}}]}<\/script>\n<!-- \/ Yoast SEO plugin. -->","yoast_head_json":{"title":"ARA Moldova: Partenerul t\u0103u de \u00eencredere pentru profesioni\u0219ti \u00een logistic\u0103 \u00een \u00eentreaga UE &#8212; ARA","robots":{"index":"index","follow":"follow","max-snippet":"max-snippet:-1","max-image-preview":"max-image-preview:large","max-video-preview":"max-video-preview:-1"},"canonical":"https:\/\/ara.md\/ro\/ara-moldova-partenerul-tau-de-incredere-pentru-profesionisti-in-logistica-in-intreaga-ue\/","og_locale":"ro_RO","og_type":"article","og_title":"ARA Moldova: Partenerul t\u0103u de \u00eencredere pentru profesioni\u0219ti \u00een logistic\u0103 \u00een \u00eentreaga UE &#8212; ARA","og_description":"Muncitorii moldoveni joac\u0103 un rol important \u00een cre\u0219terea sectorului logistic din Polonia. \u00cen prezent, peste 1.783 de moldoveni sunt angaja\u021bi \u00een industria transporturilor din Polonia, contribuind semnificativ la eficien\u021ba lan\u021bului de aprovizionare.","og_url":"https:\/\/ara.md\/ro\/ara-moldova-partenerul-tau-de-incredere-pentru-profesionisti-in-logistica-in-intreaga-ue\/","og_site_name":"ARA","article_publisher":"https:\/\/www.facebook.com\/ara.moldova","article_published_time":"2025-03-03T14:09:04+00:00","article_modified_time":"2025-03-03T14:35:21+00:00","og_image":[{"width":850,"height":530,"url":"https:\/\/ara.md\/wp-content\/uploads\/2025\/03\/blog-1.jpg","type":"image\/jpeg"}],"author":"marketing","twitter_card":"summary_large_image","twitter_misc":{"Scris de":"marketing","Timp estimat pentru citire":"2 minute"},"schema":{"@context":"https:\/\/schema.org","@graph":[{"@type":"Article","@id":"https:\/\/ara.md\/ro\/ara-moldova-partenerul-tau-de-incredere-pentru-profesionisti-in-logistica-in-intreaga-ue\/#article","isPartOf":{"@id":"https:\/\/ara.md\/ro\/ara-moldova-partenerul-tau-de-incredere-pentru-profesionisti-in-logistica-in-intreaga-ue\/"},"author":{"name":"marketing","@id":"https:\/\/ara.md\/#\/schema\/person\/21ad52bb30dfe8931003555609d2f260"},"headline":"ARA Moldova: Partenerul t\u0103u de \u00eencredere pentru profesioni\u0219ti \u00een logistic\u0103 \u00een \u00eentreaga UE","datePublished":"2025-03-03T14:09:04+00:00","dateModified":"2025-03-03T14:35:21+00:00","mainEntityOfPage":{"@id":"https:\/\/ara.md\/ro\/ara-moldova-partenerul-tau-de-incredere-pentru-profesionisti-in-logistica-in-intreaga-ue\/"},"wordCount":441,"publisher":{"@id":"https:\/\/ara.md\/#organization"},"image":{"@id":"https:\/\/ara.md\/ro\/ara-moldova-partenerul-tau-de-incredere-pentru-profesionisti-in-logistica-in-intreaga-ue\/#primaryimage"},"thumbnailUrl":"https:\/\/ara.md\/wp-content\/uploads\/2025\/03\/blog-1.jpg","keywords":["#ara","#aramoldova","#e-commerce","#lucr\u0103toristr\u0103ini","#Polonia","#profesioni\u0219ti","#recrutare"],"articleSection":["Nout\u0103\u021bi ARA"],"inLanguage":"ro-RO"},{"@type":"WebPage","@id":"https:\/\/ara.md\/ro\/ara-moldova-partenerul-tau-de-incredere-pentru-profesionisti-in-logistica-in-intreaga-ue\/","url":"https:\/\/ara.md\/ro\/ara-moldova-partenerul-tau-de-incredere-pentru-profesionisti-in-logistica-in-intreaga-ue\/","name":"ARA Moldova: Partenerul t\u0103u de \u00eencredere pentru profesioni\u0219ti \u00een logistic\u0103 \u00een \u00eentreaga UE &#8212; ARA","isPartOf":{"@id":"https:\/\/ara.md\/#website"},"primaryImageOfPage":{"@id":"https:\/\/ara.md\/ro\/ara-moldova-partenerul-tau-de-incredere-pentru-profesionisti-in-logistica-in-intreaga-ue\/#primaryimage"},"image":{"@id":"https:\/\/ara.md\/ro\/ara-moldova-partenerul-tau-de-incredere-pentru-profesionisti-in-logistica-in-intreaga-ue\/#primaryimage"},"thumbnailUrl":"https:\/\/ara.md\/wp-content\/uploads\/2025\/03\/blog-1.jpg","datePublished":"2025-03-03T14:09:04+00:00","dateModified":"2025-03-03T14:35:21+00:00","breadcrumb":{"@id":"https:\/\/ara.md\/ro\/ara-moldova-partenerul-tau-de-incredere-pentru-profesionisti-in-logistica-in-intreaga-ue\/#breadcrumb"},"inLanguage":"ro-RO","potentialAction":[{"@type":"ReadAction","target":["https:\/\/ara.md\/ro\/ara-moldova-partenerul-tau-de-incredere-pentru-profesionisti-in-logistica-in-intreaga-ue\/"]}]},{"@type":"ImageObject","inLanguage":"ro-RO","@id":"https:\/\/ara.md\/ro\/ara-moldova-partenerul-tau-de-incredere-pentru-profesionisti-in-logistica-in-intreaga-ue\/#primaryimage","url":"https:\/\/ara.md\/wp-content\/uploads\/2025\/03\/blog-1.jpg","contentUrl":"https:\/\/ara.md\/wp-content\/uploads\/2025\/03\/blog-1.jpg","width":850,"height":530,"caption":"ARA Moldova: \u0412\u0430\u0448 \u041d\u0430\u0434\u0435\u0436\u043d\u044b\u0439 \u041f\u0430\u0440\u0442\u043d\u0435\u0440 \u0432 \u041f\u043e\u0438\u0441\u043a\u0435 \u041a\u0432\u0430\u043b\u0438\u0444\u0438\u0446\u0438\u0440\u043e\u0432\u0430\u043d\u043d\u044b\u0445 \u041b\u043e\u0433\u0438\u0441\u0442\u0438\u0447\u0435\u0441\u043a\u0438\u0445 \u0421\u043f\u0435\u0446\u0438\u0430\u043b\u0438\u0441\u0442\u043e\u0432 \u043f\u043e \u0432\u0441\u0435\u0439 \u0415\u0432\u0440\u043e\u043f\u0435"},{"@type":"BreadcrumbList","@id":"https:\/\/ara.md\/ro\/ara-moldova-partenerul-tau-de-incredere-pentru-profesionisti-in-logistica-in-intreaga-ue\/#breadcrumb","itemListElement":[{"@type":"ListItem","position":1,"name":"Home","item":"https:\/\/ara.md\/ro\/"},{"@type":"ListItem","position":2,"name":"ARA Moldova: Partenerul t\u0103u de \u00eencredere pentru profesioni\u0219ti \u00een logistic\u0103 \u00een \u00eentreaga UE"}]},{"@type":"WebSite","@id":"https:\/\/ara.md\/#website","url":"https:\/\/ara.md\/","name":"Association of Recruitment Agencies of Moldova","description":"All the Recruitment Power of Moldova in Your Hands","publisher":{"@id":"https:\/\/ara.md\/#organization"},"alternateName":"ARA","potentialAction":[{"@type":"SearchAction","target":{"@type":"EntryPoint","urlTemplate":"https:\/\/ara.md\/?s={search_term_string}"},"query-input":{"@type":"PropertyValueSpecification","valueRequired":true,"valueName":"search_term_string"}}],"inLanguage":"ro-RO"},{"@type":"Organization","@id":"https:\/\/ara.md\/#organization","name":"Association of Recruitment Agencies of Moldova","alternateName":"ARA","url":"https:\/\/ara.md\/","logo":{"@type":"ImageObject","inLanguage":"ro-RO","@id":"https:\/\/ara.md\/#\/schema\/logo\/image\/","url":"https:\/\/ara.md\/wp-content\/uploads\/2023\/07\/ara-logo-horizontal-en.svg","contentUrl":"https:\/\/ara.md\/wp-content\/uploads\/2023\/07\/ara-logo-horizontal-en.svg","caption":"Association of Recruitment Agencies of Moldova"},"image":{"@id":"https:\/\/ara.md\/#\/schema\/logo\/image\/"},"sameAs":["https:\/\/www.facebook.com\/ara.moldova","https:\/\/www.linkedin.com\/company\/78005867\/admin\/dashboard\/","https:\/\/www.instagram.com\/ara.moldova\/","https:\/\/www.youtube.com\/@ara.moldova"]},{"@type":"Person","@id":"https:\/\/ara.md\/#\/schema\/person\/21ad52bb30dfe8931003555609d2f260","name":"marketing","image":{"@type":"ImageObject","inLanguage":"ro-RO","@id":"https:\/\/ara.md\/#\/schema\/person\/image\/","url":"https:\/\/secure.gravatar.com\/avatar\/c80845cbb2b264116e7c5879fe5e3fcc1f66403e8c11bc3b3ef5a1664651c276?s=96&d=mm&r=g","contentUrl":"https:\/\/secure.gravatar.com\/avatar\/c80845cbb2b264116e7c5879fe5e3fcc1f66403e8c11bc3b3ef5a1664651c276?s=96&d=mm&r=g","caption":"marketing"}}]}},"_links":{"self":[{"href":"https:\/\/ara.md\/ro\/wp-json\/wp\/v2\/posts\/6859","targetHints":{"allow":["GET"]}}],"collection":[{"href":"https:\/\/ara.md\/ro\/wp-json\/wp\/v2\/posts"}],"about":[{"href":"https:\/\/ara.md\/ro\/wp-json\/wp\/v2\/types\/post"}],"author":[{"embeddable":true,"href":"https:\/\/ara.md\/ro\/wp-json\/wp\/v2\/users\/5"}],"replies":[{"embeddable":true,"href":"https:\/\/ara.md\/ro\/wp-json\/wp\/v2\/comments?post=6859"}],"version-history":[{"count":5,"href":"https:\/\/ara.md\/ro\/wp-json\/wp\/v2\/posts\/6859\/revisions"}],"predecessor-version":[{"id":6868,"href":"https:\/\/ara.md\/ro\/wp-json\/wp\/v2\/posts\/6859\/revisions\/6868"}],"wp:featuredmedia":[{"embeddable":true,"href":"https:\/\/ara.md\/ro\/wp-json\/wp\/v2\/media\/6851"}],"wp:attachment":[{"href":"https:\/\/ara.md\/ro\/wp-json\/wp\/v2\/media?parent=6859"}],"wp:term":[{"taxonomy":"category","embeddable":true,"href":"https:\/\/ara.md\/ro\/wp-json\/wp\/v2\/categories?post=6859"},{"taxonomy":"post_tag","embeddable":true,"href":"https:\/\/ara.md\/ro\/wp-json\/wp\/v2\/tags?post=6859"}],"curies":[{"name":"wp","href":"https:\/\/api.w.org\/{rel}","templated":true}]}}